{"id":1090,"date":"2017-06-07T09:24:16","date_gmt":"2017-06-07T07:24:16","guid":{"rendered":"http:\/\/padani.eu\/bouldery\/?p=1090"},"modified":"2018-05-23T11:58:52","modified_gmt":"2018-05-23T09:58:52","slug":"spojnice","status":"publish","type":"post","link":"http:\/\/padani.eu\/bouldery\/spojnice\/","title":{"rendered":"Spojnice"},"content":{"rendered":"<h2>Hnus<\/h2>\n<p>Obt\u00ed\u017enost:\u00a0<strong>\u00a07B+<\/strong><\/p>\n<p>Petr Resch 2012<\/p>\n<p><strong>Pozn\u00e1mka:\u00a0<\/strong>SD<\/p>\n<h2>Prejt<\/h2>\n<p>Obt\u00ed\u017enost:\u00a0<strong>\u00a05A<\/strong><\/p>\n<p>Petr Resch, Karel Hegr 2012<\/p>\n<p><strong>Pozn\u00e1mka: 7A+\u00a0<\/strong>SD<\/p>\n<h2>Tla\u010denka<\/h2>\n<p>Obt\u00ed\u017enost:\u00a0<strong>\u00a06B+<\/strong><\/p>\n<p>Petr Resch, Karel Hegr 2012<\/p>\n<p><strong>Pozn\u00e1mka:\u00a0<\/strong>SD<\/p>\n<h2>Kone\u010dn\u011b boulder<\/h2>\n<p>Obt\u00ed\u017enost:\u00a0<strong>\u00a06A<\/strong><\/p>\n<p>Petr Resch, Karel Hegr 2012<\/p>\n<p>&nbsp;<\/p>\n<p><strong>Pozn\u00e1mka: 6B\u00a0<\/strong>SD<\/p>\n<h2>Vcukuletu<\/h2>\n<p>Obt\u00ed\u017enost:\u00a0<strong>\u00a05C<\/strong><\/p>\n<p>Petr Resch, Karel Hegr 2012<\/p>\n<p><strong>Pozn\u00e1mka: 6A+\u00a0<\/strong>SD<\/p>\n<h2>N\u00e1horn\u00ed\u010dek<\/h2>\n<p>Obt\u00ed\u017enost:\u00a0<strong>\u00a03<\/strong><\/p>\n<p>Petr Resch, Karel Hegr 2012<\/p>\n<h2>Klas\u00ed\u010dek<\/h2>\n<p>Obt\u00ed\u017enost:\u00a0<strong>\u00a05C<\/strong><\/p>\n<p>Petr Resch, Karel Hegr 2012<\/p>\n<h2>Plac\u00ed\u010dek<\/h2>\n<p>Obt\u00ed\u017enost:\u00a0<strong>\u00a05C<\/strong><\/p>\n<p>Petr Resch, Karel Hegr 2012<\/p>\n<p><strong>Pozn\u00e1mka: 6C\u00a0<\/strong>SD<\/p>\n<h2>Mac\u00ed\u010dek<\/h2>\n<p>Obt\u00ed\u017enost:\u00a0<strong>\u00a04+<\/strong><\/p>\n<p>Petr Resch, Karel Hegr 2012<\/p>\n<p><strong>Pozn\u00e1mka: 6B+\u00a0<\/strong>SD<\/p>\n","protected":false},"excerpt":{"rendered":"<p>Hnus Obt\u00ed\u017enost:\u00a0\u00a07B+ Petr Resch 2012 Pozn\u00e1mka:\u00a0SD Prejt Obt\u00ed\u017enost:\u00a0\u00a05A Petr Resch, Karel Hegr 2012 Pozn\u00e1mka: 7A+\u00a0SD Tla\u010denka Obt\u00ed\u017enost:\u00a0\u00a06B+ Petr Resch, Karel Hegr 2012 Pozn\u00e1mka:\u00a0SD Kone\u010dn\u011b boulder Obt\u00ed\u017enost:\u00a0\u00a06A Petr Resch, Karel Hegr &hellip; <\/p>\n","protected":false},"author":1,"featured_media":3205,"comment_status":"open","ping_status":"open","sticky":false,"template":"","format":"standard","meta":{"footnotes":""},"categories":[18,23],"tags":[],"class_list":["post-1090","post","type-post","status-publish","format-standard","has-post-thumbnail","hentry","category-sklarna-sever","category-zihle"],"_links":{"self":[{"href":"http:\/\/padani.eu\/bouldery\/wp-json\/wp\/v2\/posts\/1090","targetHints":{"allow":["GET"]}}],"collection":[{"href":"http:\/\/padani.eu\/bouldery\/wp-json\/wp\/v2\/posts"}],"about":[{"href":"http:\/\/padani.eu\/bouldery\/wp-json\/wp\/v2\/types\/post"}],"author":[{"embeddable":true,"href":"http:\/\/padani.eu\/bouldery\/wp-json\/wp\/v2\/users\/1"}],"replies":[{"embeddable":true,"href":"http:\/\/padani.eu\/bouldery\/wp-json\/wp\/v2\/comments?post=1090"}],"version-history":[{"count":3,"href":"http:\/\/padani.eu\/bouldery\/wp-json\/wp\/v2\/posts\/1090\/revisions"}],"predecessor-version":[{"id":3068,"href":"http:\/\/padani.eu\/bouldery\/wp-json\/wp\/v2\/posts\/1090\/revisions\/3068"}],"wp:featuredmedia":[{"embeddable":true,"href":"http:\/\/padani.eu\/bouldery\/wp-json\/wp\/v2\/media\/3205"}],"wp:attachment":[{"href":"http:\/\/padani.eu\/bouldery\/wp-json\/wp\/v2\/media?parent=1090"}],"wp:term":[{"taxonomy":"category","embeddable":true,"href":"http:\/\/padani.eu\/bouldery\/wp-json\/wp\/v2\/categories?post=1090"},{"taxonomy":"post_tag","embeddable":true,"href":"http:\/\/padani.eu\/bouldery\/wp-json\/wp\/v2\/tags?post=1090"}],"curies":[{"name":"wp","href":"https:\/\/api.w.org\/{rel}","templated":true}]}}