{"id":1149,"date":"2017-06-08T08:00:49","date_gmt":"2017-06-08T06:00:49","guid":{"rendered":"http:\/\/padani.eu\/bouldery\/?p=1149"},"modified":"2018-05-31T09:42:12","modified_gmt":"2018-05-31T07:42:12","slug":"kavovar","status":"publish","type":"post","link":"http:\/\/padani.eu\/bouldery\/kavovar\/","title":{"rendered":"K\u00e1vovar"},"content":{"rendered":"<h2>Plant\u00e1\u017en\u00edk<\/h2>\n<p>Obt\u00ed\u017enost:\u00a0<strong>\u00a06A+<\/strong><\/p>\n<p>Petr Resch a Karel Hegr 2011<\/p>\n<p><strong>Pozn\u00e1mka:\u00a0<\/strong>SD<\/p>\n<h2>\u010cern\u00fd mu\u017e<\/h2>\n<p>Obt\u00ed\u017enost:\u00a0<strong>\u00a05C<\/strong><\/p>\n<p>Petr Resch a Karel Hegr 2011<\/p>\n<p><strong>Pozn\u00e1mka:\u00a0<\/strong>SD<\/p>\n<h2>Otrok\u00e1\u0159<\/h2>\n<p>Obt\u00ed\u017enost:\u00a0<strong>\u00a07A<\/strong><\/p>\n<p>Petr Resch a Karel Hegr 2011<\/p>\n<p><strong>Pozn\u00e1mka:\u00a0<\/strong>SD<\/p>\n<h2>Tureck\u00e1 plotna<\/h2>\n<p>Obt\u00ed\u017enost:\u00a0<strong>\u00a03<\/strong><\/p>\n<p>Petr Resch a Karel Hegr 2011<\/p>\n<p><strong>Pozn\u00e1mka: 6B\u00a0<\/strong>SD<\/p>\n<h2>V\u00edde\u0148<\/h2>\n<p>Obt\u00ed\u017enost:\u00a0<strong>\u00a06A<\/strong><\/p>\n<p>Petr Resch a Karel Hegr 2011<\/p>\n<p><strong>Pozn\u00e1mka: 6C\u00a0<\/strong>SD<\/p>\n<h2>Kaf\u00ed\u010dko<\/h2>\n<p>Obt\u00ed\u017enost:\u00a0<strong>\u00a05B<\/strong><\/p>\n<p>Petr Resch a Karel Hegr 2011<\/p>\n<h2>K\u00e1vovar<\/h2>\n<p>Obt\u00ed\u017enost:\u00a0<strong>\u00a06B<\/strong><\/p>\n<p>Petr Resch a Karel Hegr 2011<\/p>\n<h2>Vysok\u00fd tlak<\/h2>\n<p>Obt\u00ed\u017enost:\u00a0<strong>\u00a06A+<\/strong><\/p>\n<p>Petr Resch a Karel Hegr 2011<\/p>\n<p><a href=\"http:\/\/padani.eu\/bouldery\/wp-content\/uploads\/2017\/06\/\u017dihle-001.jpg\"><img loading=\"lazy\" decoding=\"async\" class=\"alignnone size-thumbnail wp-image-3530\" src=\"http:\/\/padani.eu\/bouldery\/wp-content\/uploads\/2017\/06\/\u017dihle-001-150x150.jpg\" alt=\"\" width=\"150\" height=\"150\" \/><\/a><\/p>\n<h2>N\u00edzk\u00fd tlak<\/h2>\n<p>Obt\u00ed\u017enost:\u00a0<strong>\u00a05C<\/strong><\/p>\n<p>Petr Resch a Karel Hegr 2011<\/p>\n<p><strong>Pozn\u00e1mka: 7C+\u00a0<\/strong>SD<\/p>\n<h2>Miss<\/h2>\n<p>Obt\u00ed\u017enost:\u00a0<strong>\u00a03<\/strong><\/p>\n<p>Petr Resch a Karel Hegr 2011<\/p>\n<h2>Miss \u0160ukad\u00e9va<\/h2>\n<p>Obt\u00ed\u017enost:\u00a0<strong>\u00a06C<\/strong><\/p>\n<p>Petr Resch a Karel Hegr 2011<\/p>\n<p><strong>Pozn\u00e1mka:\u00a0<\/strong>SD<\/p>\n<h2>Al\u017e\u00edrsk\u00e1 plotna<\/h2>\n<p>Obt\u00ed\u017enost:\u00a0<strong>\u00a05A<\/strong><\/p>\n<p>Petr Resch a Karel Hegr 2011<\/p>\n<h2>D\u011btsk\u00fd sokol\u00edk<\/h2>\n<p>Obt\u00ed\u017enost:\u00a0<strong>\u00a03<\/strong><\/p>\n<p>Petr Resch a Karel Hegr 2011<\/p>\n<p><strong>Pozn\u00e1mka:\u00a0<\/strong>SD<\/p>\n<h2>Hranojed<\/h2>\n<p>Obt\u00ed\u017enost:\u00a0<strong>\u00a06A+<\/strong><\/p>\n<p>Petr Resch a Karel Hegr 2011<\/p>\n<p><strong>Pozn\u00e1mka:\u00a0<\/strong>SD<\/p>\n<h2>Bez hrany<\/h2>\n<p>Obt\u00ed\u017enost:\u00a0<strong>\u00a06A+<\/strong><\/p>\n<p>Petr Resch a Karel Hegr 2011<\/p>\n<p><strong>Pozn\u00e1mka:\u00a0<\/strong>SD<\/p>\n<h2>Skartova\u010dka prst\u016f<\/h2>\n<p>Obt\u00ed\u017enost:\u00a0<strong>\u00a07B<\/strong><\/p>\n<p>Petr Resch 2011<\/p>\n<p><strong>Pozn\u00e1mka:\u00a0<\/strong>SD<\/p>\n<h2>Pras\u00e1rni\u010dka<\/h2>\n<p>Obt\u00ed\u017enost:\u00a0<strong>\u00a04+<\/strong><\/p>\n<p>Petr Resch a Karel Hegr 2011<\/p>\n<p><strong>Pozn\u00e1mka: 7C\u00a0<\/strong>SD (Petr Resch)<\/p>\n<h2>Kone\u010dn\u00e1<\/h2>\n<p>Obt\u00ed\u017enost:\u00a0<strong>\u00a05A<\/strong><\/p>\n<p>Petr Resch a Karel Hegr 2011<\/p>\n<p>&nbsp;<\/p>\n","protected":false},"excerpt":{"rendered":"<p>Plant\u00e1\u017en\u00edk Obt\u00ed\u017enost:\u00a0\u00a06A+ Petr Resch a Karel Hegr 2011 Pozn\u00e1mka:\u00a0SD \u010cern\u00fd mu\u017e Obt\u00ed\u017enost:\u00a0\u00a05C Petr Resch a Karel Hegr 2011 Pozn\u00e1mka:\u00a0SD Otrok\u00e1\u0159 Obt\u00ed\u017enost:\u00a0\u00a07A Petr Resch a Karel Hegr 2011 Pozn\u00e1mka:\u00a0SD Tureck\u00e1 plotna &hellip; <\/p>\n","protected":false},"author":1,"featured_media":3529,"comment_status":"open","ping_status":"open","sticky":false,"template":"","format":"standard","meta":{"footnotes":""},"categories":[19,23],"tags":[],"class_list":["post-1149","post","type-post","status-publish","format-standard","has-post-thumbnail","hentry","category-sklarna-jih","category-zihle"],"_links":{"self":[{"href":"http:\/\/padani.eu\/bouldery\/wp-json\/wp\/v2\/posts\/1149","targetHints":{"allow":["GET"]}}],"collection":[{"href":"http:\/\/padani.eu\/bouldery\/wp-json\/wp\/v2\/posts"}],"about":[{"href":"http:\/\/padani.eu\/bouldery\/wp-json\/wp\/v2\/types\/post"}],"author":[{"embeddable":true,"href":"http:\/\/padani.eu\/bouldery\/wp-json\/wp\/v2\/users\/1"}],"replies":[{"embeddable":true,"href":"http:\/\/padani.eu\/bouldery\/wp-json\/wp\/v2\/comments?post=1149"}],"version-history":[{"count":4,"href":"http:\/\/padani.eu\/bouldery\/wp-json\/wp\/v2\/posts\/1149\/revisions"}],"predecessor-version":[{"id":3531,"href":"http:\/\/padani.eu\/bouldery\/wp-json\/wp\/v2\/posts\/1149\/revisions\/3531"}],"wp:featuredmedia":[{"embeddable":true,"href":"http:\/\/padani.eu\/bouldery\/wp-json\/wp\/v2\/media\/3529"}],"wp:attachment":[{"href":"http:\/\/padani.eu\/bouldery\/wp-json\/wp\/v2\/media?parent=1149"}],"wp:term":[{"taxonomy":"category","embeddable":true,"href":"http:\/\/padani.eu\/bouldery\/wp-json\/wp\/v2\/categories?post=1149"},{"taxonomy":"post_tag","embeddable":true,"href":"http:\/\/padani.eu\/bouldery\/wp-json\/wp\/v2\/tags?post=1149"}],"curies":[{"name":"wp","href":"https:\/\/api.w.org\/{rel}","templated":true}]}}