{"id":1153,"date":"2017-06-08T08:08:12","date_gmt":"2017-06-08T06:08:12","guid":{"rendered":"http:\/\/padani.eu\/bouldery\/?p=1153"},"modified":"2018-05-31T09:43:51","modified_gmt":"2018-05-31T07:43:51","slug":"strazce-planiny","status":"publish","type":"post","link":"http:\/\/padani.eu\/bouldery\/strazce-planiny\/","title":{"rendered":"Str\u00e1\u017ece planiny"},"content":{"rendered":"<h2>N\u00e1horn\u00ed<\/h2>\n<p>Obt\u00ed\u017enost:\u00a0<strong>\u00a05B<\/strong><\/p>\n<p>Petr Resch a Karel Hegr 2012<\/p>\n<h2>Li\u0161\u00e1k Li\u0161\u0165\u00e1k<\/h2>\n<p>Obt\u00ed\u017enost:\u00a0<strong>\u00a06B+<\/strong><\/p>\n<p>Petr Resch a Karel Hegr 2012<\/p>\n<p><strong>Pozn\u00e1mka:\u00a0<\/strong>CH<\/p>\n<h2>Bourec Boulec<\/h2>\n<p>Obt\u00ed\u017enost:\u00a0<strong>\u00a06A+<\/strong><\/p>\n<p>Petr Resch a Karel Hegr 2012<\/p>\n<h2>Spor\u0165\u00e1k Spo\u010f\u00e1k<\/h2>\n<p>Obt\u00ed\u017enost:\u00a0<strong>\u00a06A<\/strong><\/p>\n<p>Petr Resch a Karel Hegr 2012<\/p>\n<p><strong>Pozn\u00e1mka: 6C+\u00a0<\/strong>SD<\/p>\n<h2>Skartova\u010dka<\/h2>\n<p>Obt\u00ed\u017enost:\u00a0<strong>\u00a06B<\/strong><\/p>\n<p>Petr Resch a Karel Hegr 2012<\/p>\n<h2>Zimn\u00ed poh\u00e1dka<\/h2>\n<p>Obt\u00ed\u017enost:\u00a0<strong>\u00a06A+<\/strong><\/p>\n<p>Petr Resch a Karel Hegr 2012<\/p>\n<p><strong>Pozn\u00e1mka: 7C\u00a0<\/strong>SD (Petr Resch)<\/p>\n<p><a href=\"http:\/\/padani.eu\/bouldery\/wp-content\/uploads\/2017\/06\/2012_04_29_4824.jpg\"><img loading=\"lazy\" decoding=\"async\" class=\"alignnone size-thumbnail wp-image-3532\" src=\"http:\/\/padani.eu\/bouldery\/wp-content\/uploads\/2017\/06\/2012_04_29_4824-150x150.jpg\" alt=\"\" width=\"150\" height=\"150\" \/><\/a><\/p>\n<h2>\u017dlab<\/h2>\n<p>Obt\u00ed\u017enost:\u00a0<strong>\u00a06B<\/strong><\/p>\n<p>Petr Resch a Karel Hegr 2012<\/p>\n<h2>Ne\u017elab<\/h2>\n<p>Obt\u00ed\u017enost:\u00a0<strong>\u00a06B<\/strong><\/p>\n<p>Petr Resch a Karel Hegr 2012<\/p>\n<p>&nbsp;<\/p>\n<p>&nbsp;<\/p>\n","protected":false},"excerpt":{"rendered":"<p>N\u00e1horn\u00ed Obt\u00ed\u017enost:\u00a0\u00a05B Petr Resch a Karel Hegr 2012 Li\u0161\u00e1k Li\u0161\u0165\u00e1k Obt\u00ed\u017enost:\u00a0\u00a06B+ Petr Resch a Karel Hegr 2012 Pozn\u00e1mka:\u00a0CH Bourec Boulec Obt\u00ed\u017enost:\u00a0\u00a06A+ Petr Resch a Karel Hegr 2012 Spor\u0165\u00e1k Spo\u010f\u00e1k Obt\u00ed\u017enost:\u00a0\u00a06A &hellip; <\/p>\n","protected":false},"author":1,"featured_media":3523,"comment_status":"open","ping_status":"open","sticky":false,"template":"","format":"standard","meta":{"footnotes":""},"categories":[19,23],"tags":[],"class_list":["post-1153","post","type-post","status-publish","format-standard","has-post-thumbnail","hentry","category-sklarna-jih","category-zihle"],"_links":{"self":[{"href":"http:\/\/padani.eu\/bouldery\/wp-json\/wp\/v2\/posts\/1153","targetHints":{"allow":["GET"]}}],"collection":[{"href":"http:\/\/padani.eu\/bouldery\/wp-json\/wp\/v2\/posts"}],"about":[{"href":"http:\/\/padani.eu\/bouldery\/wp-json\/wp\/v2\/types\/post"}],"author":[{"embeddable":true,"href":"http:\/\/padani.eu\/bouldery\/wp-json\/wp\/v2\/users\/1"}],"replies":[{"embeddable":true,"href":"http:\/\/padani.eu\/bouldery\/wp-json\/wp\/v2\/comments?post=1153"}],"version-history":[{"count":4,"href":"http:\/\/padani.eu\/bouldery\/wp-json\/wp\/v2\/posts\/1153\/revisions"}],"predecessor-version":[{"id":3533,"href":"http:\/\/padani.eu\/bouldery\/wp-json\/wp\/v2\/posts\/1153\/revisions\/3533"}],"wp:featuredmedia":[{"embeddable":true,"href":"http:\/\/padani.eu\/bouldery\/wp-json\/wp\/v2\/media\/3523"}],"wp:attachment":[{"href":"http:\/\/padani.eu\/bouldery\/wp-json\/wp\/v2\/media?parent=1153"}],"wp:term":[{"taxonomy":"category","embeddable":true,"href":"http:\/\/padani.eu\/bouldery\/wp-json\/wp\/v2\/categories?post=1153"},{"taxonomy":"post_tag","embeddable":true,"href":"http:\/\/padani.eu\/bouldery\/wp-json\/wp\/v2\/tags?post=1153"}],"curies":[{"name":"wp","href":"https:\/\/api.w.org\/{rel}","templated":true}]}}