{"id":1155,"date":"2017-06-08T08:06:29","date_gmt":"2017-06-08T06:06:29","guid":{"rendered":"http:\/\/padani.eu\/bouldery\/?p=1155"},"modified":"2018-05-31T09:38:13","modified_gmt":"2018-05-31T07:38:13","slug":"exhibicionista","status":"publish","type":"post","link":"http:\/\/padani.eu\/bouldery\/exhibicionista\/","title":{"rendered":"Exhibicionista"},"content":{"rendered":"<h2>T\u011blochlubi\u010d<\/h2>\n<p>Obt\u00ed\u017enost:\u00a0<strong>\u00a07A<\/strong><\/p>\n<p>Petr Resch, Karel Hegr a Martin \u010c\u00ed\u017eek 2012<\/p>\n<p><strong>Pozn\u00e1mka: 7B+\u00a0<\/strong>SD<\/p>\n<p><a href=\"http:\/\/padani.eu\/bouldery\/wp-content\/uploads\/2017\/06\/strana-74.jpg\"><img loading=\"lazy\" decoding=\"async\" class=\"alignnone size-thumbnail wp-image-3525\" src=\"http:\/\/padani.eu\/bouldery\/wp-content\/uploads\/2017\/06\/strana-74-150x150.jpg\" alt=\"\" width=\"150\" height=\"150\" \/><\/a><\/p>\n<h2>Exhibicionista<\/h2>\n<p>Obt\u00ed\u017enost:\u00a0<strong>\u00a07C+<\/strong><\/p>\n<p>Petr Resch 2012<\/p>\n<p><strong>Pozn\u00e1mka:\u00a0<\/strong>SD<\/p>\n<h2>T\u011blohubi\u010d<\/h2>\n<p>Obt\u00ed\u017enost:\u00a0<strong>\u00a07B+<\/strong><\/p>\n<p>Petr Resch, Karel Hegr a Martin \u010c\u00ed\u017eek 2012<\/p>\n<h2>Hubertus<\/h2>\n<p>Obt\u00ed\u017enost:\u00a0<strong>\u00a07A+<\/strong><\/p>\n<p>Petr Resch, Karel Hegr a Martin \u010c\u00ed\u017eek 2012<\/p>\n<h2>Vylez, maskovan\u00fd \u00fachyle!<\/h2>\n<p>Obt\u00ed\u017enost:\u00a0<strong>\u00a05C<\/strong><\/p>\n<p>Petr Resch, Karel Hegr a Martin \u010c\u00ed\u017eek 2012<\/p>\n<p><strong>Pozn\u00e1mka: <\/strong>SD<\/p>\n<h2>Sestupovka<\/h2>\n<p>Obt\u00ed\u017enost:\u00a0<strong>\u00a02<\/strong><\/p>\n<p>Petr Resch, Karel Hegr a Martin \u010c\u00ed\u017eek 2012<\/p>\n<h2>Pod sukn\u00ed<\/h2>\n<p>Obt\u00ed\u017enost:\u00a0<strong>\u00a05A<\/strong><\/p>\n<p>Petr Resch, Karel Hegr a Martin \u010c\u00ed\u017eek 2012<\/p>\n<p><strong>Pozn\u00e1mka: <\/strong>SD<\/p>\n<h2>Pep\u0159\u00e1k<\/h2>\n<p>Obt\u00ed\u017enost:\u00a0<strong>\u00a06B<\/strong><\/p>\n<p>Petr Resch, Karel Hegr a Martin \u010c\u00ed\u017eek 2012<\/p>\n<h2>Slz\u00e1k<\/h2>\n<p>Obt\u00ed\u017enost:\u00a0<strong>\u00a06C<\/strong><\/p>\n<p>Petr Resch, Karel Hegr a Martin \u010c\u00ed\u017eek 2012<\/p>\n<p>&nbsp;<\/p>\n","protected":false},"excerpt":{"rendered":"<p>T\u011blochlubi\u010d Obt\u00ed\u017enost:\u00a0\u00a07A Petr Resch, Karel Hegr a Martin \u010c\u00ed\u017eek 2012 Pozn\u00e1mka: 7B+\u00a0SD Exhibicionista Obt\u00ed\u017enost:\u00a0\u00a07C+ Petr Resch 2012 Pozn\u00e1mka:\u00a0SD T\u011blohubi\u010d Obt\u00ed\u017enost:\u00a0\u00a07B+ Petr Resch, Karel Hegr a Martin \u010c\u00ed\u017eek 2012 Hubertus Obt\u00ed\u017enost:\u00a0\u00a07A+ &hellip; <\/p>\n","protected":false},"author":1,"featured_media":3524,"comment_status":"open","ping_status":"open","sticky":false,"template":"","format":"standard","meta":{"footnotes":""},"categories":[19,23],"tags":[],"class_list":["post-1155","post","type-post","status-publish","format-standard","has-post-thumbnail","hentry","category-sklarna-jih","category-zihle"],"_links":{"self":[{"href":"http:\/\/padani.eu\/bouldery\/wp-json\/wp\/v2\/posts\/1155","targetHints":{"allow":["GET"]}}],"collection":[{"href":"http:\/\/padani.eu\/bouldery\/wp-json\/wp\/v2\/posts"}],"about":[{"href":"http:\/\/padani.eu\/bouldery\/wp-json\/wp\/v2\/types\/post"}],"author":[{"embeddable":true,"href":"http:\/\/padani.eu\/bouldery\/wp-json\/wp\/v2\/users\/1"}],"replies":[{"embeddable":true,"href":"http:\/\/padani.eu\/bouldery\/wp-json\/wp\/v2\/comments?post=1155"}],"version-history":[{"count":4,"href":"http:\/\/padani.eu\/bouldery\/wp-json\/wp\/v2\/posts\/1155\/revisions"}],"predecessor-version":[{"id":3526,"href":"http:\/\/padani.eu\/bouldery\/wp-json\/wp\/v2\/posts\/1155\/revisions\/3526"}],"wp:featuredmedia":[{"embeddable":true,"href":"http:\/\/padani.eu\/bouldery\/wp-json\/wp\/v2\/media\/3524"}],"wp:attachment":[{"href":"http:\/\/padani.eu\/bouldery\/wp-json\/wp\/v2\/media?parent=1155"}],"wp:term":[{"taxonomy":"category","embeddable":true,"href":"http:\/\/padani.eu\/bouldery\/wp-json\/wp\/v2\/categories?post=1155"},{"taxonomy":"post_tag","embeddable":true,"href":"http:\/\/padani.eu\/bouldery\/wp-json\/wp\/v2\/tags?post=1155"}],"curies":[{"name":"wp","href":"https:\/\/api.w.org\/{rel}","templated":true}]}}