{"id":203,"date":"2017-05-25T07:22:56","date_gmt":"2017-05-25T05:22:56","guid":{"rendered":"http:\/\/padani.eu\/bouldery\/?p=203"},"modified":"2017-08-15T11:23:35","modified_gmt":"2017-08-15T09:23:35","slug":"berzerak","status":"publish","type":"post","link":"http:\/\/padani.eu\/bouldery\/berzerak\/","title":{"rendered":"Ber\u017eerak"},"content":{"rendered":"<h2>S\u00fdr r\u00e1no<\/h2>\n<p>Obt\u00ed\u017enost:\u00a0<b>5B<\/b><\/p>\n<p>Petr Resch + Karel Hegr, 2004<\/p>\n<h2>Sir\u00e1no<\/h2>\n<p>Obt\u00ed\u017enost:\u00a0<b>4<\/b><\/p>\n<p>Petr Resch + Karel Hegr, 2004<\/p>\n<p><strong>Pozn\u00e1mka:\u00a0<\/strong>6A SD<\/p>\n<p><a href=\"http:\/\/padani.eu\/bouldery\/wp-content\/uploads\/2017\/05\/1.jpg\"><img loading=\"lazy\" decoding=\"async\" class=\"alignnone wp-image-1326 size-thumbnail\" src=\"http:\/\/padani.eu\/bouldery\/wp-content\/uploads\/2017\/05\/1-150x150.jpg\" alt=\"\" width=\"150\" height=\"150\" \/><\/a><\/p>\n<h2>Sir r\u00e1no<\/h2>\n<p>Obt\u00ed\u017enost:\u00a0<b>5B<\/b><\/p>\n<p>Petr Resch + Karel Hegr, 2004<\/p>\n<p><strong>Pozn\u00e1mka:\u00a0<\/strong>5C SD<\/p>\n<p><a href=\"http:\/\/padani.eu\/bouldery\/wp-content\/uploads\/2017\/05\/3.jpg\"><img loading=\"lazy\" decoding=\"async\" class=\"alignnone wp-image-1325 size-thumbnail\" src=\"http:\/\/padani.eu\/bouldery\/wp-content\/uploads\/2017\/05\/3-150x150.jpg\" alt=\"\" width=\"150\" height=\"150\" \/><\/a><\/p>\n<h2>Berg \u017deryk<\/h2>\n<p>Obt\u00ed\u017enost:\u00a0<b>5C<\/b><\/p>\n<p>Petr Resch + Karel Hegr, 2004<\/p>\n<h2>Bere ho rak<\/h2>\n<p>Obt\u00ed\u017enost:\u00a0<b>6C+<\/b><\/p>\n<p>Petr Resch + Karel Hegr, 2004<\/p>\n<h2>Bl\u00e1\u017eaboulder 7A<\/h2>\n<p>Obt\u00ed\u017enost:\u00a0<b>7A<\/b><\/p>\n<p>Bl\u00e1\u017ea, 2017<\/p>\n<p><strong>Pozn\u00e1mka:\u00a0<\/strong>Start &#8222;Berg \u017deryk&#8220;, konec &#8222;S\u00fdr r\u00e1no&#8220;<\/p>\n<p><strong>Video:\u00a0<\/strong><a href=\"https:\/\/www.youtube.com\/watch?v=AoETTCAPmDo&amp;t=26s\">https:\/\/www.youtube.com\/watch?v=AoETTCAPmDo&amp;t=26s<\/a><\/p>\n<p>&nbsp;<\/p>\n","protected":false},"excerpt":{"rendered":"<p>S\u00fdr r\u00e1no Obt\u00ed\u017enost:\u00a05B Petr Resch + Karel Hegr, 2004 Sir\u00e1no Obt\u00ed\u017enost:\u00a04 Petr Resch + Karel Hegr, 2004 Pozn\u00e1mka:\u00a06A SD Sir r\u00e1no Obt\u00ed\u017enost:\u00a05B Petr Resch + Karel Hegr, 2004 Pozn\u00e1mka:\u00a05C SD &hellip; <\/p>\n","protected":false},"author":1,"featured_media":1325,"comment_status":"open","ping_status":"open","sticky":false,"template":"","format":"standard","meta":{"footnotes":""},"categories":[4,22],"tags":[],"class_list":["post-203","post","type-post","status-publish","format-standard","has-post-thumbnail","hentry","category-hrbitovni-kameny","category-petrohrad"],"_links":{"self":[{"href":"http:\/\/padani.eu\/bouldery\/wp-json\/wp\/v2\/posts\/203","targetHints":{"allow":["GET"]}}],"collection":[{"href":"http:\/\/padani.eu\/bouldery\/wp-json\/wp\/v2\/posts"}],"about":[{"href":"http:\/\/padani.eu\/bouldery\/wp-json\/wp\/v2\/types\/post"}],"author":[{"embeddable":true,"href":"http:\/\/padani.eu\/bouldery\/wp-json\/wp\/v2\/users\/1"}],"replies":[{"embeddable":true,"href":"http:\/\/padani.eu\/bouldery\/wp-json\/wp\/v2\/comments?post=203"}],"version-history":[{"count":8,"href":"http:\/\/padani.eu\/bouldery\/wp-json\/wp\/v2\/posts\/203\/revisions"}],"predecessor-version":[{"id":2268,"href":"http:\/\/padani.eu\/bouldery\/wp-json\/wp\/v2\/posts\/203\/revisions\/2268"}],"wp:featuredmedia":[{"embeddable":true,"href":"http:\/\/padani.eu\/bouldery\/wp-json\/wp\/v2\/media\/1325"}],"wp:attachment":[{"href":"http:\/\/padani.eu\/bouldery\/wp-json\/wp\/v2\/media?parent=203"}],"wp:term":[{"taxonomy":"category","embeddable":true,"href":"http:\/\/padani.eu\/bouldery\/wp-json\/wp\/v2\/categories?post=203"},{"taxonomy":"post_tag","embeddable":true,"href":"http:\/\/padani.eu\/bouldery\/wp-json\/wp\/v2\/tags?post=203"}],"curies":[{"name":"wp","href":"https:\/\/api.w.org\/{rel}","templated":true}]}}