{"id":3085,"date":"2017-06-07T08:24:30","date_gmt":"2017-06-07T06:24:30","guid":{"rendered":"http:\/\/padani.eu\/bouldery\/?p=3085"},"modified":"2018-05-24T10:29:07","modified_gmt":"2018-05-24T08:29:07","slug":"basnici","status":"publish","type":"post","link":"http:\/\/padani.eu\/bouldery\/basnici\/","title":{"rendered":"B\u00e1sn\u00edci"},"content":{"rendered":"<h2>Zlat\u00e9 vejce<\/h2>\n<p>Obt\u00ed\u017enost:\u00a0<strong>\u00a03<\/strong><\/p>\n<p>Petr Resch 2018<\/p>\n<h2>Bl\u00fdskav\u00e9 skl\u00ed\u010dko<\/h2>\n<p>Obt\u00ed\u017enost:\u00a0<strong>\u00a05B<\/strong><\/p>\n<p>Petr Resch 2018<\/p>\n<h2>Straka zlod\u011bjka<\/h2>\n<p>Obt\u00ed\u017enost:\u00a0<strong>\u00a06B<\/strong><\/p>\n<p>Petr Resch 2018<\/p>\n<p><strong>Pozn\u00e1mka:\u00a0<\/strong>CH<\/p>\n<h2>B\u00e1sn\u00edk<\/h2>\n<p>Obt\u00ed\u017enost:\u00a0<strong>\u00a06B<\/strong><\/p>\n<p>Petr Resch a Tom\u00e1\u0161 Vlk 2018<\/p>\n<h2>Beze slov<\/h2>\n<p>Obt\u00ed\u017enost:\u00a0<strong>\u00a03<\/strong><\/p>\n<p>Petr Resch 2018<\/p>\n<h2>Ml\u010den\u00ed<\/h2>\n<p>Obt\u00ed\u017enost:\u00a0<strong>\u00a06A<\/strong><\/p>\n<p>Petr Resch 2018<\/p>\n<h2>Slunce \u017eblunce<\/h2>\n<p>Obt\u00ed\u017enost:\u00a0<strong>\u00a05C<\/strong><\/p>\n<p>Petr Resch 2018<\/p>\n<h2>Pu\u0161kin<\/h2>\n<p>Obt\u00ed\u017enost:\u00a0<strong>\u00a06A+<\/strong><\/p>\n<p>Petr Resch 2018<\/p>\n<p><strong>Pozn\u00e1mka:\u00a0<\/strong>SD<\/p>\n<h2>Jak lvov\u00e9 bijem o m\u0159\u00ed\u017ee<\/h2>\n<p>Obt\u00ed\u017enost:\u00a0<strong>\u00a06B+<\/strong><\/p>\n<p>Petr Resch 2018<\/p>\n<p><strong>Pozn\u00e1mka:\u00a0<\/strong>SD<\/p>\n<h2>Lidov\u00e1 tvo\u0159ivost<\/h2>\n<p>Obt\u00ed\u017enost:\u00a0<strong>\u00a05A<\/strong><\/p>\n<p>Petr Resch 2018<\/p>\n<p><strong>Pozn\u00e1mka: 6C+\u00a0<\/strong>SD<\/p>\n<p><a href=\"http:\/\/padani.eu\/bouldery\/wp-content\/uploads\/2017\/06\/Lidov\u00e1-tvo\u0159ivost.jpg\"><img loading=\"lazy\" decoding=\"async\" class=\"alignnone size-thumbnail wp-image-3314\" src=\"http:\/\/padani.eu\/bouldery\/wp-content\/uploads\/2017\/06\/Lidov\u00e1-tvo\u0159ivost-150x150.jpg\" alt=\"\" width=\"150\" height=\"150\" \/><\/a><\/p>\n<h2>Karikatura<\/h2>\n<p>Obt\u00ed\u017enost:\u00a0<strong>\u00a07B<\/strong><\/p>\n<p>Petr Resch 2018<\/p>\n<h2>Cesti\u010dka k domovu p\u011bkn\u011b se line<\/h2>\n<p>Obt\u00ed\u017enost:\u00a0<strong>\u00a06C<\/strong><\/p>\n<p>Petr Resch 2018<\/p>\n<p><strong>Pozn\u00e1mka:\u00a0<\/strong>SD<\/p>\n<h2>Mal\u00fd b\u00e1sn\u00edk<\/h2>\n<p>Obt\u00ed\u017enost:\u00a0<strong>\u00a02<\/strong><\/p>\n<p>Petr Resch 2018<\/p>\n<p><strong>Pozn\u00e1mka:\u00a0<\/strong>SD<\/p>\n<h2>Hrudn\u00ed ko\u0161<\/h2>\n<p>Obt\u00ed\u017enost:\u00a0<strong>\u00a05C<\/strong><\/p>\n<p>Petr Resch 2018<\/p>\n<h2>Cesti\u010dka k domovu<\/h2>\n<p>Obt\u00ed\u017enost:\u00a0<strong>\u00a07B<\/strong><\/p>\n<p>Petr Resch 2018<\/p>\n<p><strong>Pozn\u00e1mka:\u00a0<\/strong>CH<\/p>\n<h2>Z ni\u010deho n\u011bkam<\/h2>\n<p>Obt\u00ed\u017enost:\u00a0<strong>\u00a06B<\/strong><\/p>\n<p>Petr Resch 2018<\/p>\n<p><strong>Pozn\u00e1mka:\u00a0<\/strong>CH<\/p>\n<h2>Natural link<\/h2>\n<p>Obt\u00ed\u017enost:\u00a0<strong>\u00a04+<\/strong><\/p>\n<p>Petr Resch 2018<\/p>\n<h2>B\u00e1sn\u00ed\u0159ka<\/h2>\n<p>Obt\u00ed\u017enost:\u00a0<strong>\u00a06B<\/strong><\/p>\n<p>Petr Resch 2018<\/p>\n<p><strong>Pozn\u00e1mka:\u00a0<\/strong>SD<\/p>\n<h2>Hru\u010f mlad\u00e9 b\u00e1sn\u00ed\u0159ky<\/h2>\n<p>Obt\u00ed\u017enost:\u00a0<strong>\u00a08A<\/strong><\/p>\n<p>Petr Resch 2018<\/p>\n<p><strong>Pozn\u00e1mka:\u00a0<\/strong>SD<\/p>\n<h2>B\u00e1sn\u00edci bez chyt\u016f<\/h2>\n<p>Obt\u00ed\u017enost:\u00a0<strong>\u00a06C+<\/strong><\/p>\n<p>Petr Resch 2018<\/p>\n<p><strong>Pozn\u00e1mka:\u00a0<\/strong>jo jump start<\/p>\n<h2>B\u00e1sn\u00edci beze slov<\/h2>\n<p>Obt\u00ed\u017enost:\u00a0<strong>\u00a03<\/strong><\/p>\n<p>Petr Resch 2018<\/p>\n<p>&nbsp;<\/p>\n<p>&nbsp;<\/p>\n<p>&nbsp;<\/p>\n","protected":false},"excerpt":{"rendered":"<p>Zlat\u00e9 vejce Obt\u00ed\u017enost:\u00a0\u00a03 Petr Resch 2018 Bl\u00fdskav\u00e9 skl\u00ed\u010dko Obt\u00ed\u017enost:\u00a0\u00a05B Petr Resch 2018 Straka zlod\u011bjka Obt\u00ed\u017enost:\u00a0\u00a06B Petr Resch 2018 Pozn\u00e1mka:\u00a0CH B\u00e1sn\u00edk Obt\u00ed\u017enost:\u00a0\u00a06B Petr Resch a Tom\u00e1\u0161 Vlk 2018 Beze slov Obt\u00ed\u017enost:\u00a0\u00a03 &hellip; <\/p>\n","protected":false},"author":2,"featured_media":3302,"comment_status":"open","ping_status":"open","sticky":false,"template":"","format":"standard","meta":{"footnotes":""},"categories":[18,23],"tags":[],"class_list":["post-3085","post","type-post","status-publish","format-standard","has-post-thumbnail","hentry","category-sklarna-sever","category-zihle"],"_links":{"self":[{"href":"http:\/\/padani.eu\/bouldery\/wp-json\/wp\/v2\/posts\/3085","targetHints":{"allow":["GET"]}}],"collection":[{"href":"http:\/\/padani.eu\/bouldery\/wp-json\/wp\/v2\/posts"}],"about":[{"href":"http:\/\/padani.eu\/bouldery\/wp-json\/wp\/v2\/types\/post"}],"author":[{"embeddable":true,"href":"http:\/\/padani.eu\/bouldery\/wp-json\/wp\/v2\/users\/2"}],"replies":[{"embeddable":true,"href":"http:\/\/padani.eu\/bouldery\/wp-json\/wp\/v2\/comments?post=3085"}],"version-history":[{"count":4,"href":"http:\/\/padani.eu\/bouldery\/wp-json\/wp\/v2\/posts\/3085\/revisions"}],"predecessor-version":[{"id":3315,"href":"http:\/\/padani.eu\/bouldery\/wp-json\/wp\/v2\/posts\/3085\/revisions\/3315"}],"wp:featuredmedia":[{"embeddable":true,"href":"http:\/\/padani.eu\/bouldery\/wp-json\/wp\/v2\/media\/3302"}],"wp:attachment":[{"href":"http:\/\/padani.eu\/bouldery\/wp-json\/wp\/v2\/media?parent=3085"}],"wp:term":[{"taxonomy":"category","embeddable":true,"href":"http:\/\/padani.eu\/bouldery\/wp-json\/wp\/v2\/categories?post=3085"},{"taxonomy":"post_tag","embeddable":true,"href":"http:\/\/padani.eu\/bouldery\/wp-json\/wp\/v2\/tags?post=3085"}],"curies":[{"name":"wp","href":"https:\/\/api.w.org\/{rel}","templated":true}]}}