{"id":189,"date":"2026-04-01T15:16:44","date_gmt":"2026-04-01T13:16:44","guid":{"rendered":"https:\/\/padani.eu\/czech\/?p=189"},"modified":"2026-04-01T15:49:20","modified_gmt":"2026-04-01T13:49:20","slug":"petrohradske-padani-2026","status":"publish","type":"post","link":"https:\/\/padani.eu\/czech\/petrohradske-padani-2026\/","title":{"rendered":"PETROHRADSK\u00c9 PAD\u00c1N\u00cd 2026"},"content":{"rendered":"\n<p><strong>24. \u2013 26. 04. 2026, are\u00e1l Skl\u00e1rna u \u017dihle, 50.0716225N, 13.3331108E<\/strong><\/p>\n\n\n\n<p><em>Rok se s&nbsp;rokem se\u0161el a je tu dal\u0161\u00ed d\u00edl Petrohradsk\u00e9ho pad\u00e1n\u00ed. Nutno na \u00favod \u0159\u00edci, \u017ee s&nbsp;nejv\u011bt\u0161\u00ed pravd\u011bpodobnost\u00ed posledn\u00ed v&nbsp;\u017dihli a nad celkov\u00fdm osudem akce se tak vzn\u00e1\u0161\u00ed velk\u00e9 otazn\u00edky. Ale nepla\u010dme a poj\u010fme si jako obvykle u\u017e\u00edt po\u0159\u00e1dnou porci hrubozrnn\u00e9 \u017euly, technick\u00e9 vychyt\u00e1vky, kter\u00e9 um\u00ed p\u0159ipravit jen mati\u010dka p\u0159\u00edroda a atmosf\u00e9ru, kterou um\u00ed vykouzlit pouze lid\u00e9, kte\u0159\u00ed obohat\u00ed \u201epad\u00e1n\u00ed\u201c svou \u00fa\u010dast\u00ed.<\/em><\/p>\n\n\n\n<p>&nbsp;&nbsp;&nbsp;&nbsp;&nbsp;&nbsp;&nbsp;&nbsp;&nbsp;&nbsp;&nbsp;&nbsp;&nbsp; Petrohradsk\u00e9 pad\u00e1n\u00ed za\u010d\u00edn\u00e1 sice u\u017e v&nbsp;poledne v&nbsp;p\u00e1tek, ale k&nbsp;akci (z\u00e1vodu) je mo\u017en\u00e9 se p\u0159ipojit kdykoli (registrace pob\u011b\u017e\u00ed do cca. 12 hodin v&nbsp;sobotu). Jako v\u017edy dostane \u00fa\u010dastn\u00edk pr\u016fvodce a vyd\u00e1 se sesb\u00edrat osm nejt\u011b\u017e\u0161\u00edch boulder\u016f z&nbsp;nab\u00eddky bezm\u00e1la dvou stovek. Letos se p\u0159ekvapiv\u011b vyno\u0159ila t\u00e9m\u011b\u0159 polovina nov\u00fdch, zbytek \u201erecyklujeme\u201c z&nbsp;ro\u010dn\u00edku p\u0159ed v\u00edce ne\u017e deseti lety. Lezou dosp\u011bl\u00ed, d\u011bti, mlad\u00ed, sta\u0159\u00ed, siln\u00ed, slab\u00ed, vesel\u00ed\u2026smutn\u00ed na akci nejezd\u00ed. V&nbsp;p\u00e1tek ve\u010der posed\u00edme a zadujeme u ohn\u011b, v&nbsp;sobotu p\u0159ijede obl\u00edben\u00e1 skupina Sisus Ralsis a zase to ukon\u010d\u00edme u ohn\u011b. Ned\u011ble je u\u017e takov\u00fdm lou\u010den\u00edm s&nbsp;na plno pro\u017eit\u00fdm v\u00edkendem. Sp\u00ed se v&nbsp;chati\u010dk\u00e1ch, autech, stanech, pod \u0161ir\u00e1kem. Po celou dobu je zaji\u0161t\u011bno ob\u010derstven\u00ed, z\u00e1zem\u00ed WC, tepl\u00e1 sprcha a kuchy\u0148ka.<\/p>\n\n\n\n<p>&nbsp;&nbsp;&nbsp;&nbsp;&nbsp;&nbsp;&nbsp;&nbsp;&nbsp;&nbsp;&nbsp;&nbsp;&nbsp; POZOR, Z\u00c1SADN\u00cd ZM\u011aNA OPROTI JIN\u00ddM LET\u016eM: majitel\u00e9 are\u00e1lu netoleruj\u00ed z\u00e1kaz vjezdu do tohoto m\u00edsta pro ne\u00fa\u010dastn\u00edky akce. Tedy pokud se nechcete \u201epad\u00e1n\u00ed\u201c z\u00fa\u010dastnit a\u0165 ji\u017e jako sout\u011b\u017e\u00edc\u00ed nebo pasivn\u00ed \u00fa\u010dastn\u00edk, pros\u00edm, nejezd\u011bte sem (p\u0159estupky bude \u0159e\u0161it police). Parkov\u00e1n\u00ed pro \u00fa\u010dastn\u00edky bude tentokr\u00e1t jasn\u011b vyty\u010deno na m\u00edst\u011b (chati\u010dkov\u00fd t\u00e1bor a asfaltov\u00e1 plocha h\u0159i\u0161t\u011b vzadu za panel\u00e1ky).<\/p>\n\n\n\n<p>\u010cASOV\u00dd PR\u016eB\u011aH:<\/p>\n\n\n\n<p>P\u00e1tek&nbsp;&nbsp;&nbsp; 12.00&nbsp;&nbsp;&nbsp; otev\u0159en\u00ed registrace, za\u010d\u00e1tek z\u00e1vodu<\/p>\n\n\n\n<p>&nbsp;&nbsp;&nbsp;&nbsp;&nbsp;&nbsp;&nbsp;&nbsp;&nbsp;&nbsp;&nbsp;&nbsp;&nbsp; 20.00&nbsp;&nbsp;&nbsp; uzav\u0159en\u00ed registrace (ubytovan\u00ed v&nbsp;chati\u010dk\u00e1ch mus\u00ed p\u0159ijet do tohoto \u010dasu nebo nahl\u00e1sit<\/p>\n\n\n\n<p>pozd\u011bj\u0161\u00ed p\u0159\u00edjezd po\u0159adateli \u2013 na m\u00edst\u011b nen\u00ed t\u00e9m\u011b\u0159 sign\u00e1l)<\/p>\n\n\n\n<p>&nbsp;&nbsp;&nbsp;&nbsp;&nbsp;&nbsp;&nbsp;&nbsp;&nbsp;&nbsp;&nbsp;&nbsp;&nbsp; ve\u010der&nbsp;&nbsp;&nbsp; ohe\u0148, kytara, zp\u011bv, vesel\u00e9 p\u0159\u00edhody (tr\u00e9nink angli\u010dtiny)<\/p>\n\n\n\n<p>Sobota 8.15&nbsp;&nbsp;&nbsp;&nbsp;&nbsp; otev\u0159en\u00ed registrace<\/p>\n\n\n\n<p>&nbsp;&nbsp;&nbsp;&nbsp;&nbsp;&nbsp;&nbsp;&nbsp;&nbsp;&nbsp;&nbsp;&nbsp;&nbsp; 12.30&nbsp;&nbsp;&nbsp; uzav\u0159en\u00ed registrace<\/p>\n\n\n\n<p>&nbsp;&nbsp;&nbsp;&nbsp;&nbsp;&nbsp;&nbsp;&nbsp;&nbsp;&nbsp;&nbsp;&nbsp;&nbsp; 19.00&nbsp;&nbsp;&nbsp; ukon\u010den\u00ed z\u00e1vodu, n\u00e1sledn\u011b vyhl\u00e1\u0161en\u00ed<\/p>\n\n\n\n<p>&nbsp;&nbsp;&nbsp;&nbsp;&nbsp;&nbsp;&nbsp;&nbsp;&nbsp;&nbsp;&nbsp;&nbsp;&nbsp; ve\u010der&nbsp;&nbsp;&nbsp; Sisus Ralsis, ohe\u0148<\/p>\n\n\n\n<p>Ned\u011ble &nbsp;&nbsp;&nbsp;&nbsp;&nbsp;&nbsp;&nbsp;&nbsp;&nbsp;&nbsp;&nbsp;&nbsp;&nbsp; mo\u017enost lezen\u00ed, opu\u0161t\u011bn\u00ed are\u00e1lu<\/p>\n\n\n\n<p>Startovn\u00e9:&nbsp;&nbsp;&nbsp;&nbsp;&nbsp;&nbsp;&nbsp;&nbsp; <strong>500 K\u010d dosp\u011bl\u00ed<\/strong> s&nbsp;registrac\u00ed p\u0159es formul\u00e1\u0159 (registrace p\u0159es formul\u00e1\u0159 bude ukon\u010dena ve \u010dtvrtek 23. 04. ve 24.00), bez p\u0159edregistrace 600 K\u010d<\/p>\n\n\n\n<p>&nbsp;&nbsp;&nbsp;&nbsp;&nbsp;&nbsp;&nbsp;&nbsp;&nbsp;&nbsp;&nbsp;&nbsp;&nbsp;&nbsp;&nbsp;&nbsp;&nbsp;&nbsp;&nbsp;&nbsp;&nbsp;&nbsp;&nbsp;&nbsp;&nbsp;&nbsp;&nbsp; <strong>400 K\u010d d\u011bti<\/strong> s&nbsp;registrac\u00ed p\u0159es formul\u00e1\u0159 (registrace p\u0159es formul\u00e1\u0159 bude ukon\u010dena ve \u010dtvrtek 23. 04. ve 23.59), bez p\u0159edregistrace 450 K\u010d<\/p>\n\n\n\n<p>&nbsp;&nbsp;&nbsp;&nbsp;&nbsp;&nbsp;&nbsp;&nbsp;&nbsp;&nbsp;&nbsp;&nbsp;&nbsp;&nbsp;&nbsp;&nbsp;&nbsp;&nbsp;&nbsp;&nbsp;&nbsp;&nbsp;&nbsp;&nbsp;&nbsp;&nbsp;&nbsp; V&nbsp;cen\u011b startovn\u00e9ho je ubytov\u00e1n\u00ed vyjma chatek (ubytovan\u00ed v&nbsp;chatk\u00e1ch maj\u00ed slevu 100 K\u010d\/os\/den), parkovn\u00e9, vyu\u017eit\u00ed soci\u00e1ln\u00edho z\u00e1zem\u00ed, pr\u016fvodce, kapela\u2026<\/p>\n\n\n\n<p>&nbsp;&nbsp;&nbsp;&nbsp;&nbsp;&nbsp;&nbsp;&nbsp;&nbsp;&nbsp;&nbsp;&nbsp;&nbsp;&nbsp;&nbsp;&nbsp;&nbsp;&nbsp;&nbsp;&nbsp;&nbsp;&nbsp;&nbsp;&nbsp;&nbsp;&nbsp;&nbsp; <strong>200 K\u010d<\/strong> pasivn\u00ed \u00fa\u010dast na akci bez z\u00e1vodu (cena odpov\u00edd\u00e1 p\u0159\u00edm\u00fdm n\u00e1klad\u016fm po\u0159adatele na z\u00e1zem\u00ed v are\u00e1lu)<\/p>\n\n\n\n<p><strong>Zdarma<\/strong> nesout\u011b\u017e\u00edc\u00ed d\u011bti p\u0159ed\u0161koln\u00edho v\u011bku<\/p>\n\n\n\n<p>Registrace:&nbsp;&nbsp;&nbsp;&nbsp;&nbsp;&nbsp;&nbsp;&nbsp; <a href=\"https:\/\/forms.gle\/9AHsuLWGWsmq6oBp6\">https:\/\/forms.gle\/9AHsuLWGWsmq6oBp6<\/a><\/p>\n\n\n\n<p>&nbsp;&nbsp;&nbsp;&nbsp;&nbsp;&nbsp;&nbsp;&nbsp;&nbsp;&nbsp;&nbsp;&nbsp;&nbsp;&nbsp;&nbsp;&nbsp;&nbsp;&nbsp;&nbsp;&nbsp;&nbsp;&nbsp;&nbsp;&nbsp;&nbsp;&nbsp;&nbsp; (sou\u010d\u00e1st\u00ed registra\u010dn\u00edho formul\u00e1\u0159e je i n\u00e1vod jak objednat ubytov\u00e1n\u00ed v&nbsp;chatk\u00e1ch)<\/p>\n\n\n\n<p>Kontakty:&nbsp;&nbsp;&nbsp;&nbsp;&nbsp;&nbsp;&nbsp;&nbsp;&nbsp;&nbsp; Petr Resch, <a href=\"mailto:resch@filmix.cz\">resch@filmix.cz<\/a>, +420 604245568<\/p>\n\n\n\n<p><strong>VELK\u00dd D\u00cdK PARTNER\u016eM:<\/strong><\/p>\n\n\n\n<p>&nbsp;&nbsp;&nbsp;&nbsp;&nbsp;&nbsp;&nbsp;&nbsp;&nbsp;&nbsp;&nbsp;&nbsp;&nbsp; \u010cesk\u00fd horolezeck\u00fd svaz <a href=\"http:\/\/www.horosvaz.cz\">www.horosvaz.cz<\/a><\/p>\n\n\n\n<p>&nbsp;&nbsp;&nbsp;&nbsp;&nbsp;&nbsp;&nbsp;&nbsp;&nbsp;&nbsp;&nbsp;&nbsp;&nbsp; Prorock \u2013 climbing <a href=\"https:\/\/prorock-climbing.eu\/en\/\">https:\/\/prorock-climbing.eu\/en\/<\/a><\/p>\n\n\n\n<p>&nbsp;&nbsp;&nbsp;&nbsp;&nbsp;&nbsp;&nbsp;&nbsp;&nbsp;&nbsp;&nbsp;&nbsp;&nbsp; Shumbafly <a href=\"https:\/\/www.shumbafly.cz\/\">https:\/\/www.shumbafly.cz\/<\/a><\/p>\n","protected":false},"excerpt":{"rendered":"<p>24. \u2013 26. 04. 2026, are\u00e1l Skl\u00e1rna u \u017dihle, 50.0716225N, 13.3331108E Rok se s&nbsp;rokem se\u0161el a je tu dal\u0161\u00ed d\u00edl Petrohradsk\u00e9ho pad\u00e1n\u00ed. Nutno na \u00favod \u0159\u00edci, \u017ee s&nbsp;nejv\u011bt\u0161\u00ed pravd\u011bpodobnost\u00ed posledn\u00ed v&nbsp;\u017dihli a nad celkov\u00fdm osudem akce se tak vzn\u00e1\u0161\u00ed velk\u00e9 [&hellip;]<\/p>\n","protected":false},"author":1,"featured_media":0,"comment_status":"open","ping_status":"open","sticky":false,"template":"","format":"standard","meta":{"footnotes":""},"categories":[1],"tags":[],"_links":{"self":[{"href":"https:\/\/padani.eu\/czech\/wp-json\/wp\/v2\/posts\/189"}],"collection":[{"href":"https:\/\/padani.eu\/czech\/wp-json\/wp\/v2\/posts"}],"about":[{"href":"https:\/\/padani.eu\/czech\/wp-json\/wp\/v2\/types\/post"}],"author":[{"embeddable":true,"href":"https:\/\/padani.eu\/czech\/wp-json\/wp\/v2\/users\/1"}],"replies":[{"embeddable":true,"href":"https:\/\/padani.eu\/czech\/wp-json\/wp\/v2\/comments?post=189"}],"version-history":[{"count":5,"href":"https:\/\/padani.eu\/czech\/wp-json\/wp\/v2\/posts\/189\/revisions"}],"predecessor-version":[{"id":194,"href":"https:\/\/padani.eu\/czech\/wp-json\/wp\/v2\/posts\/189\/revisions\/194"}],"wp:attachment":[{"href":"https:\/\/padani.eu\/czech\/wp-json\/wp\/v2\/media?parent=189"}],"wp:term":[{"taxonomy":"category","embeddable":true,"href":"https:\/\/padani.eu\/czech\/wp-json\/wp\/v2\/categories?post=189"},{"taxonomy":"post_tag","embeddable":true,"href":"https:\/\/padani.eu\/czech\/wp-json\/wp\/v2\/tags?post=189"}],"curies":[{"name":"wp","href":"https:\/\/api.w.org\/{rel}","templated":true}]}}